{"id":10132,"date":"2026-09-04T11:24:21","date_gmt":"2026-09-04T14:24:21","guid":{"rendered":"https:\/\/festivaldascataratas.com\/?p=10132"},"modified":"2026-09-04T11:24:22","modified_gmt":"2026-09-04T14:24:22","slug":"paulo-angeli-e-finalista-do-premio-iguassu-valley-2026","status":"publish","type":"post","link":"https:\/\/festivaldascataratas.com\/en\/paulo-angeli-e-finalista-do-premio-iguassu-valley-2026\/","title":{"rendered":"Paulo Angeli \u00e9 finalista do Pr\u00eamio Iguassu Valley 2026"},"content":{"rendered":"<p class=\"wp-block-paragraph\">Paulo Angeli, diretor da De Angeli Eventos e CEO do Festival Internacional de Turismo Cataratas (FITCataratas), est\u00e1 entre os finalistas do Pr\u00eamio Iguassu Valley 2026, na modalidade Personalidade Destaque em Inova\u00e7\u00e3o. A categoria \u00e9 voltada a representantes de micro, pequenas e m\u00e9dias empresas, al\u00e9m de startups.<\/p>\n\n\n\n<p class=\"wp-block-paragraph\">O reconhecimento coloca o empres\u00e1rio entre os nomes selecionados pela premia\u00e7\u00e3o, que busca valorizar iniciativas, profissionais e organiza\u00e7\u00f5es que contribuem para o fortalecimento da inova\u00e7\u00e3o e do desenvolvimento regional.<\/p>\n\n\n\n<p class=\"wp-block-paragraph\">Para a defini\u00e7\u00e3o dos finalistas, as inscri\u00e7\u00f5es passaram por um processo de avalia\u00e7\u00e3o conduzido por uma banca especializada. De acordo com a organiza\u00e7\u00e3o do Pr\u00eamio Iguassu Valley, cada projeto foi analisado por tr\u00eas avaliadores diferentes, garantindo crit\u00e9rios t\u00e9cnicos e uma avalia\u00e7\u00e3o independente das iniciativas inscritas.<\/p>\n\n\n\n<p class=\"wp-block-paragraph\">A presen\u00e7a de Paulo Angeli entre os finalistas representa um importante reconhecimento para a De Angeli Eventos e refor\u00e7a a participa\u00e7\u00e3o da empresa no ecossistema de inova\u00e7\u00e3o da regi\u00e3o. \u201c\u00c9 um grande privil\u00e9gio estar entre os selecionados, o que demonstra que estamos no caminho certo na busca incessante por inova\u00e7\u00e3o em todos os nossos processos\u201d, comenta.<\/p>\n\n\n\n<p class=\"wp-block-paragraph\">Na categoria Micro, Pequenas e M\u00e9dias Empresas (MPEs, MEs e Startups) da modalidade Personalidade Destaque em Inova\u00e7\u00e3o, tamb\u00e9m foram selecionados Carlos Roberto Santos Guedes, da Nexus Desenvolvimento Humano, e Valdecir Ribeiro, da Pura IA.<\/p>\n\n\n\n<p class=\"wp-block-paragraph\">O Pr\u00eamio Iguassu Valley re\u00fane diferentes iniciativas voltadas \u00e0 valoriza\u00e7\u00e3o da inova\u00e7\u00e3o, contemplando ainda as categorias Inova\u00e7\u00e3o de Produtos e Servi\u00e7os e Inova\u00e7\u00e3o em Processos. A rela\u00e7\u00e3o completa dos finalistas e as informa\u00e7\u00f5es sobre a premia\u00e7\u00e3o podem ser consultadas no site do Iguassu Valley: <a href=\"https:\/\/iguassuvalley.com\/premio\/\">https:\/\/iguassuvalley.com\/premio\/<\/a>.<\/p>","protected":false},"excerpt":{"rendered":"<p>Empres\u00e1rio concorre na modalidade Personalidade Destaque em Inova\u00e7\u00e3o, na categoria destinada a micro, pequenas e m\u00e9dias empresas.<\/p>","protected":false},"author":4,"featured_media":10134,"comment_status":"closed","ping_status":"closed","sticky":false,"template":"","format":"standard","meta":{"ocean_front_end_style_editor":"no","ocean_post_layout":"","ocean_both_sidebars_style":"","ocean_both_sidebars_content_width":0,"ocean_both_sidebars_sidebars_width":0,"ocean_sidebar":"","ocean_second_sidebar":"","ocean_disable_margins":"enable","ocean_add_body_class":"","ocean_shortcode_before_top_bar":"","ocean_shortcode_after_top_bar":"","ocean_shortcode_before_header":"","ocean_shortcode_after_header":"","ocean_has_shortcode":"","ocean_shortcode_after_title":"","ocean_shortcode_before_footer_widgets":"","ocean_shortcode_after_footer_widgets":"","ocean_shortcode_before_footer_bottom":"","ocean_shortcode_after_footer_bottom":"","ocean_display_top_bar":"default","ocean_display_header":"default","ocean_header_style":"","ocean_center_header_left_menu":"","ocean_custom_header_template":"","ocean_custom_logo":0,"ocean_custom_retina_logo":0,"ocean_custom_logo_max_width":0,"ocean_custom_logo_tablet_max_width":0,"ocean_custom_logo_mobile_max_width":0,"ocean_custom_logo_max_height":0,"ocean_custom_logo_tablet_max_height":0,"ocean_custom_logo_mobile_max_height":0,"ocean_header_custom_menu":"","ocean_menu_typo_font_family":"","ocean_menu_typo_font_subset":"","ocean_menu_typo_font_size":0,"ocean_menu_typo_font_size_tablet":0,"ocean_menu_typo_font_size_mobile":0,"ocean_menu_typo_font_size_unit":"px","ocean_menu_typo_font_weight":"","ocean_menu_typo_font_weight_tablet":"","ocean_menu_typo_font_weight_mobile":"","ocean_menu_typo_transform":"","ocean_menu_typo_transform_tablet":"","ocean_menu_typo_transform_mobile":"","ocean_menu_typo_line_height":0,"ocean_menu_typo_line_height_tablet":0,"ocean_menu_typo_line_height_mobile":0,"ocean_menu_typo_line_height_unit":"","ocean_menu_typo_spacing":0,"ocean_menu_typo_spacing_tablet":0,"ocean_menu_typo_spacing_mobile":0,"ocean_menu_typo_spacing_unit":"","ocean_menu_link_color":"","ocean_menu_link_color_hover":"","ocean_menu_link_color_active":"","ocean_menu_link_background":"","ocean_menu_link_hover_background":"","ocean_menu_link_active_background":"","ocean_menu_social_links_bg":"","ocean_menu_social_hover_links_bg":"","ocean_menu_social_links_color":"","ocean_menu_social_hover_links_color":"","ocean_disable_title":"default","ocean_disable_heading":"default","ocean_post_title":"","ocean_post_subheading":"","ocean_post_title_style":"","ocean_post_title_background_color":"","ocean_post_title_background":0,"ocean_post_title_bg_image_position":"","ocean_post_title_bg_image_attachment":"","ocean_post_title_bg_image_repeat":"","ocean_post_title_bg_image_size":"","ocean_post_title_height":0,"ocean_post_title_bg_overlay":0.5,"ocean_post_title_bg_overlay_color":"","ocean_disable_breadcrumbs":"default","ocean_breadcrumbs_color":"","ocean_breadcrumbs_separator_color":"","ocean_breadcrumbs_links_color":"","ocean_breadcrumbs_links_hover_color":"","ocean_display_footer_widgets":"default","ocean_display_footer_bottom":"default","ocean_custom_footer_template":"","ocean_post_oembed":"","ocean_post_self_hosted_media":"","ocean_post_video_embed":"","ocean_link_format":"","ocean_link_format_target":"self","ocean_quote_format":"","ocean_quote_format_link":"post","ocean_gallery_link_images":"on","ocean_gallery_id":[],"footnotes":""},"categories":[25],"tags":[26],"class_list":["post-10132","post","type-post","status-publish","format-standard","has-post-thumbnail","hentry","category-noticias","tag-noticias","entry","has-media"],"yoast_head":"<!-- This site is optimized with the Yoast SEO plugin v28.4 - https:\/\/yoast.com\/product\/yoast-seo-wordpress\/ -->\n<title>Paulo Angeli \u00e9 finalista do Pr\u00eamio Iguassu Valley 2026 - Festival Internacional de Turismo Cataratas - Conectando Neg\u00f3cios, Turismo e Pessoas - 2 a 4 JUNHO 2027 - Foz do Igua\u00e7u - Paran\u00e1 - Brasil<\/title>\n<meta name=\"robots\" content=\"index, follow, max-snippet:-1, max-image-preview:large, max-video-preview:-1\" \/>\n<link rel=\"canonical\" href=\"https:\/\/festivaldascataratas.com\/en\/paulo-angeli-e-finalista-do-premio-iguassu-valley-2026\/\" \/>\n<meta property=\"og:locale\" content=\"en_US\" \/>\n<meta property=\"og:type\" content=\"article\" \/>\n<meta property=\"og:title\" content=\"Paulo Angeli \u00e9 finalista do Pr\u00eamio Iguassu Valley 2026 - Festival Internacional de Turismo Cataratas - Conectando Neg\u00f3cios, Turismo e Pessoas - 2 a 4 JUNHO 2027 - Foz do Igua\u00e7u - Paran\u00e1 - Brasil\" \/>\n<meta property=\"og:description\" content=\"Empres\u00e1rio concorre na modalidade Personalidade Destaque em Inova\u00e7\u00e3o, na categoria destinada a micro, pequenas e m\u00e9dias empresas.\" \/>\n<meta property=\"og:url\" content=\"https:\/\/festivaldascataratas.com\/en\/paulo-angeli-e-finalista-do-premio-iguassu-valley-2026\/\" \/>\n<meta property=\"og:site_name\" content=\"Festival Internacional de Turismo Cataratas - Conectando Neg\u00f3cios, Turismo e Pessoas - 2 a 4 JUNHO 2027 - Foz do Igua\u00e7u - Paran\u00e1 - Brasil\" \/>\n<meta property=\"article:publisher\" content=\"https:\/\/www.facebook.com\/FestivaldasCataratas\" \/>\n<meta property=\"article:published_time\" content=\"2026-09-04T14:24:21+00:00\" \/>\n<meta property=\"article:modified_time\" content=\"2026-09-04T14:24:22+00:00\" \/>\n<meta property=\"og:image\" content=\"https:\/\/festivaldascataratas.com\/wp-content\/uploads\/2026\/09\/DRF5673-681x1024.png\" \/>\n\t<meta property=\"og:image:width\" content=\"681\" \/>\n\t<meta property=\"og:image:height\" content=\"1024\" \/>\n\t<meta property=\"og:image:type\" content=\"image\/png\" \/>\n<meta name=\"author\" content=\"Vacy Alvaro\" \/>\n<meta name=\"twitter:card\" content=\"summary_large_image\" \/>\n<meta name=\"twitter:creator\" content=\"@fitcataratas\" \/>\n<meta name=\"twitter:site\" content=\"@fitcataratas\" \/>\n<meta name=\"twitter:label1\" content=\"Written by\" \/>\n\t<meta name=\"twitter:data1\" content=\"Vacy Alvaro\" \/>\n\t<meta name=\"twitter:label2\" content=\"Est. reading time\" \/>\n\t<meta name=\"twitter:data2\" content=\"2 minutes\" \/>\n<script type=\"application\/ld+json\" class=\"yoast-schema-graph\">{\"@context\":\"https:\\\/\\\/schema.org\",\"@graph\":[{\"@type\":\"Article\",\"@id\":\"https:\\\/\\\/festivaldascataratas.com\\\/paulo-angeli-e-finalista-do-premio-iguassu-valley-2026\\\/#article\",\"isPartOf\":{\"@id\":\"https:\\\/\\\/festivaldascataratas.com\\\/paulo-angeli-e-finalista-do-premio-iguassu-valley-2026\\\/\"},\"author\":{\"name\":\"Vacy Alvaro\",\"@id\":\"https:\\\/\\\/festivaldascataratas.com\\\/#\\\/schema\\\/person\\\/57e478256b2e79a3741ca1760c9f4230\"},\"headline\":\"Paulo Angeli \u00e9 finalista do Pr\u00eamio Iguassu Valley 2026\",\"datePublished\":\"2026-09-04T14:24:21+00:00\",\"dateModified\":\"2026-09-04T14:24:22+00:00\",\"mainEntityOfPage\":{\"@id\":\"https:\\\/\\\/festivaldascataratas.com\\\/paulo-angeli-e-finalista-do-premio-iguassu-valley-2026\\\/\"},\"wordCount\":299,\"publisher\":{\"@id\":\"https:\\\/\\\/festivaldascataratas.com\\\/#organization\"},\"image\":{\"@id\":\"https:\\\/\\\/festivaldascataratas.com\\\/paulo-angeli-e-finalista-do-premio-iguassu-valley-2026\\\/#primaryimage\"},\"thumbnailUrl\":\"https:\\\/\\\/festivaldascataratas.com\\\/wp-content\\\/uploads\\\/2026\\\/09\\\/DRF5673-scaled.png\",\"keywords\":[\"noticias\"],\"articleSection\":[\"Noticias\"],\"inLanguage\":\"en-US\"},{\"@type\":\"WebPage\",\"@id\":\"https:\\\/\\\/festivaldascataratas.com\\\/paulo-angeli-e-finalista-do-premio-iguassu-valley-2026\\\/\",\"url\":\"https:\\\/\\\/festivaldascataratas.com\\\/paulo-angeli-e-finalista-do-premio-iguassu-valley-2026\\\/\",\"name\":\"Paulo Angeli \u00e9 finalista do Pr\u00eamio Iguassu Valley 2026 - Festival Internacional de Turismo Cataratas - Conectando Neg\u00f3cios, Turismo e Pessoas - 2 a 4 JUNHO 2027 - Foz do Igua\u00e7u - Paran\u00e1 - Brasil\",\"isPartOf\":{\"@id\":\"https:\\\/\\\/festivaldascataratas.com\\\/#website\"},\"primaryImageOfPage\":{\"@id\":\"https:\\\/\\\/festivaldascataratas.com\\\/paulo-angeli-e-finalista-do-premio-iguassu-valley-2026\\\/#primaryimage\"},\"image\":{\"@id\":\"https:\\\/\\\/festivaldascataratas.com\\\/paulo-angeli-e-finalista-do-premio-iguassu-valley-2026\\\/#primaryimage\"},\"thumbnailUrl\":\"https:\\\/\\\/festivaldascataratas.com\\\/wp-content\\\/uploads\\\/2026\\\/09\\\/DRF5673-scaled.png\",\"datePublished\":\"2026-09-04T14:24:21+00:00\",\"dateModified\":\"2026-09-04T14:24:22+00:00\",\"breadcrumb\":{\"@id\":\"https:\\\/\\\/festivaldascataratas.com\\\/paulo-angeli-e-finalista-do-premio-iguassu-valley-2026\\\/#breadcrumb\"},\"inLanguage\":\"en-US\",\"potentialAction\":[{\"@type\":\"ReadAction\",\"target\":[\"https:\\\/\\\/festivaldascataratas.com\\\/paulo-angeli-e-finalista-do-premio-iguassu-valley-2026\\\/\"]}]},{\"@type\":\"ImageObject\",\"inLanguage\":\"en-US\",\"@id\":\"https:\\\/\\\/festivaldascataratas.com\\\/paulo-angeli-e-finalista-do-premio-iguassu-valley-2026\\\/#primaryimage\",\"url\":\"https:\\\/\\\/festivaldascataratas.com\\\/wp-content\\\/uploads\\\/2026\\\/09\\\/DRF5673-scaled.png\",\"contentUrl\":\"https:\\\/\\\/festivaldascataratas.com\\\/wp-content\\\/uploads\\\/2026\\\/09\\\/DRF5673-scaled.png\",\"width\":1703,\"height\":2560},{\"@type\":\"BreadcrumbList\",\"@id\":\"https:\\\/\\\/festivaldascataratas.com\\\/paulo-angeli-e-finalista-do-premio-iguassu-valley-2026\\\/#breadcrumb\",\"itemListElement\":[{\"@type\":\"ListItem\",\"position\":1,\"name\":\"In\u00edcio\",\"item\":\"https:\\\/\\\/festivaldascataratas.com\\\/\"},{\"@type\":\"ListItem\",\"position\":2,\"name\":\"Paulo Angeli \u00e9 finalista do Pr\u00eamio Iguassu Valley 2026\"}]},{\"@type\":\"WebSite\",\"@id\":\"https:\\\/\\\/festivaldascataratas.com\\\/#website\",\"url\":\"https:\\\/\\\/festivaldascataratas.com\\\/\",\"name\":\"Festival Internacional de Turismo das Cataratas\",\"description\":\"Turismo 2030: Crescimento, Inova\u00e7\u00e3o e Sustentabilidade\",\"publisher\":{\"@id\":\"https:\\\/\\\/festivaldascataratas.com\\\/#organization\"},\"potentialAction\":[{\"@type\":\"SearchAction\",\"target\":{\"@type\":\"EntryPoint\",\"urlTemplate\":\"https:\\\/\\\/festivaldascataratas.com\\\/?s={search_term_string}\"},\"query-input\":{\"@type\":\"PropertyValueSpecification\",\"valueRequired\":true,\"valueName\":\"search_term_string\"}}],\"inLanguage\":\"en-US\"},{\"@type\":\"Organization\",\"@id\":\"https:\\\/\\\/festivaldascataratas.com\\\/#organization\",\"name\":\"Festival Internacional de Turismo das Cataratas\",\"url\":\"https:\\\/\\\/festivaldascataratas.com\\\/\",\"logo\":{\"@type\":\"ImageObject\",\"inLanguage\":\"en-US\",\"@id\":\"https:\\\/\\\/festivaldascataratas.com\\\/#\\\/schema\\\/logo\\\/image\\\/\",\"url\":\"https:\\\/\\\/festivaldascataratas.com\\\/wp-content\\\/uploads\\\/2026\\\/02\\\/logo-fit-h-c-n-1-scaled.png\",\"contentUrl\":\"https:\\\/\\\/festivaldascataratas.com\\\/wp-content\\\/uploads\\\/2026\\\/02\\\/logo-fit-h-c-n-1-scaled.png\",\"width\":2560,\"height\":1473,\"caption\":\"Festival Internacional de Turismo das Cataratas\"},\"image\":{\"@id\":\"https:\\\/\\\/festivaldascataratas.com\\\/#\\\/schema\\\/logo\\\/image\\\/\"},\"sameAs\":[\"https:\\\/\\\/www.facebook.com\\\/FestivaldasCataratas\",\"https:\\\/\\\/x.com\\\/fitcataratas\",\"https:\\\/\\\/www.instagram.com\\\/festivaldascataratas\\\/\",\"https:\\\/\\\/www.linkedin.com\\\/company\\\/festivaldascataratas\\\/\",\"https:\\\/\\\/www.youtube.com\\\/@FestivaldasCataratas\"]},{\"@type\":\"Person\",\"@id\":\"https:\\\/\\\/festivaldascataratas.com\\\/#\\\/schema\\\/person\\\/57e478256b2e79a3741ca1760c9f4230\",\"name\":\"Vacy Alvaro\",\"image\":{\"@type\":\"ImageObject\",\"inLanguage\":\"en-US\",\"@id\":\"https:\\\/\\\/secure.gravatar.com\\\/avatar\\\/8145883b1b0b42016295b79c2e5c32deedce9c000ee431b4710a17289c9967e0?s=96&d=mm&r=g\",\"url\":\"https:\\\/\\\/secure.gravatar.com\\\/avatar\\\/8145883b1b0b42016295b79c2e5c32deedce9c000ee431b4710a17289c9967e0?s=96&d=mm&r=g\",\"contentUrl\":\"https:\\\/\\\/secure.gravatar.com\\\/avatar\\\/8145883b1b0b42016295b79c2e5c32deedce9c000ee431b4710a17289c9967e0?s=96&d=mm&r=g\",\"caption\":\"Vacy Alvaro\"},\"url\":\"https:\\\/\\\/festivaldascataratas.com\\\/en\\\/author\\\/vacyjunior\\\/\"}]}<\/script>\n<!-- \/ Yoast SEO plugin. -->","yoast_head_json":{"title":"Paulo Angeli \u00e9 finalista do Pr\u00eamio Iguassu Valley 2026 - Festival Internacional de Turismo Cataratas - Conectando Neg\u00f3cios, Turismo e Pessoas - 2 a 4 JUNHO 2027 - Foz do Igua\u00e7u - Paran\u00e1 - Brasil","robots":{"index":"index","follow":"follow","max-snippet":"max-snippet:-1","max-image-preview":"max-image-preview:large","max-video-preview":"max-video-preview:-1"},"canonical":"https:\/\/festivaldascataratas.com\/en\/paulo-angeli-e-finalista-do-premio-iguassu-valley-2026\/","og_locale":"en_US","og_type":"article","og_title":"Paulo Angeli \u00e9 finalista do Pr\u00eamio Iguassu Valley 2026 - Festival Internacional de Turismo Cataratas - Conectando Neg\u00f3cios, Turismo e Pessoas - 2 a 4 JUNHO 2027 - Foz do Igua\u00e7u - Paran\u00e1 - Brasil","og_description":"Empres\u00e1rio concorre na modalidade Personalidade Destaque em Inova\u00e7\u00e3o, na categoria destinada a micro, pequenas e m\u00e9dias empresas.","og_url":"https:\/\/festivaldascataratas.com\/en\/paulo-angeli-e-finalista-do-premio-iguassu-valley-2026\/","og_site_name":"Festival Internacional de Turismo Cataratas - Conectando Neg\u00f3cios, Turismo e Pessoas - 2 a 4 JUNHO 2027 - Foz do Igua\u00e7u - Paran\u00e1 - Brasil","article_publisher":"https:\/\/www.facebook.com\/FestivaldasCataratas","article_published_time":"2026-09-04T14:24:21+00:00","article_modified_time":"2026-09-04T14:24:22+00:00","og_image":[{"width":681,"height":1024,"url":"https:\/\/festivaldascataratas.com\/wp-content\/uploads\/2026\/09\/DRF5673-681x1024.png","type":"image\/png"}],"author":"Vacy Alvaro","twitter_card":"summary_large_image","twitter_creator":"@fitcataratas","twitter_site":"@fitcataratas","twitter_misc":{"Written by":"Vacy Alvaro","Est. reading time":"2 minutes"},"schema":{"@context":"https:\/\/schema.org","@graph":[{"@type":"Article","@id":"https:\/\/festivaldascataratas.com\/paulo-angeli-e-finalista-do-premio-iguassu-valley-2026\/#article","isPartOf":{"@id":"https:\/\/festivaldascataratas.com\/paulo-angeli-e-finalista-do-premio-iguassu-valley-2026\/"},"author":{"name":"Vacy Alvaro","@id":"https:\/\/festivaldascataratas.com\/#\/schema\/person\/57e478256b2e79a3741ca1760c9f4230"},"headline":"Paulo Angeli \u00e9 finalista do Pr\u00eamio Iguassu Valley 2026","datePublished":"2026-09-04T14:24:21+00:00","dateModified":"2026-09-04T14:24:22+00:00","mainEntityOfPage":{"@id":"https:\/\/festivaldascataratas.com\/paulo-angeli-e-finalista-do-premio-iguassu-valley-2026\/"},"wordCount":299,"publisher":{"@id":"https:\/\/festivaldascataratas.com\/#organization"},"image":{"@id":"https:\/\/festivaldascataratas.com\/paulo-angeli-e-finalista-do-premio-iguassu-valley-2026\/#primaryimage"},"thumbnailUrl":"https:\/\/festivaldascataratas.com\/wp-content\/uploads\/2026\/09\/DRF5673-scaled.png","keywords":["noticias"],"articleSection":["Noticias"],"inLanguage":"en-US"},{"@type":"WebPage","@id":"https:\/\/festivaldascataratas.com\/paulo-angeli-e-finalista-do-premio-iguassu-valley-2026\/","url":"https:\/\/festivaldascataratas.com\/paulo-angeli-e-finalista-do-premio-iguassu-valley-2026\/","name":"Paulo Angeli \u00e9 finalista do Pr\u00eamio Iguassu Valley 2026 - Festival Internacional de Turismo Cataratas - Conectando Neg\u00f3cios, Turismo e Pessoas - 2 a 4 JUNHO 2027 - Foz do Igua\u00e7u - Paran\u00e1 - Brasil","isPartOf":{"@id":"https:\/\/festivaldascataratas.com\/#website"},"primaryImageOfPage":{"@id":"https:\/\/festivaldascataratas.com\/paulo-angeli-e-finalista-do-premio-iguassu-valley-2026\/#primaryimage"},"image":{"@id":"https:\/\/festivaldascataratas.com\/paulo-angeli-e-finalista-do-premio-iguassu-valley-2026\/#primaryimage"},"thumbnailUrl":"https:\/\/festivaldascataratas.com\/wp-content\/uploads\/2026\/09\/DRF5673-scaled.png","datePublished":"2026-09-04T14:24:21+00:00","dateModified":"2026-09-04T14:24:22+00:00","breadcrumb":{"@id":"https:\/\/festivaldascataratas.com\/paulo-angeli-e-finalista-do-premio-iguassu-valley-2026\/#breadcrumb"},"inLanguage":"en-US","potentialAction":[{"@type":"ReadAction","target":["https:\/\/festivaldascataratas.com\/paulo-angeli-e-finalista-do-premio-iguassu-valley-2026\/"]}]},{"@type":"ImageObject","inLanguage":"en-US","@id":"https:\/\/festivaldascataratas.com\/paulo-angeli-e-finalista-do-premio-iguassu-valley-2026\/#primaryimage","url":"https:\/\/festivaldascataratas.com\/wp-content\/uploads\/2026\/09\/DRF5673-scaled.png","contentUrl":"https:\/\/festivaldascataratas.com\/wp-content\/uploads\/2026\/09\/DRF5673-scaled.png","width":1703,"height":2560},{"@type":"BreadcrumbList","@id":"https:\/\/festivaldascataratas.com\/paulo-angeli-e-finalista-do-premio-iguassu-valley-2026\/#breadcrumb","itemListElement":[{"@type":"ListItem","position":1,"name":"In\u00edcio","item":"https:\/\/festivaldascataratas.com\/"},{"@type":"ListItem","position":2,"name":"Paulo Angeli \u00e9 finalista do Pr\u00eamio Iguassu Valley 2026"}]},{"@type":"WebSite","@id":"https:\/\/festivaldascataratas.com\/#website","url":"https:\/\/festivaldascataratas.com\/","name":"Festival Internacional de Turismo das Cataratas","description":"Turismo 2030: Crescimento, Inova\u00e7\u00e3o e Sustentabilidade","publisher":{"@id":"https:\/\/festivaldascataratas.com\/#organization"},"potentialAction":[{"@type":"SearchAction","target":{"@type":"EntryPoint","urlTemplate":"https:\/\/festivaldascataratas.com\/?s={search_term_string}"},"query-input":{"@type":"PropertyValueSpecification","valueRequired":true,"valueName":"search_term_string"}}],"inLanguage":"en-US"},{"@type":"Organization","@id":"https:\/\/festivaldascataratas.com\/#organization","name":"Festival Internacional de Turismo das Cataratas","url":"https:\/\/festivaldascataratas.com\/","logo":{"@type":"ImageObject","inLanguage":"en-US","@id":"https:\/\/festivaldascataratas.com\/#\/schema\/logo\/image\/","url":"https:\/\/festivaldascataratas.com\/wp-content\/uploads\/2026\/02\/logo-fit-h-c-n-1-scaled.png","contentUrl":"https:\/\/festivaldascataratas.com\/wp-content\/uploads\/2026\/02\/logo-fit-h-c-n-1-scaled.png","width":2560,"height":1473,"caption":"Festival Internacional de Turismo das Cataratas"},"image":{"@id":"https:\/\/festivaldascataratas.com\/#\/schema\/logo\/image\/"},"sameAs":["https:\/\/www.facebook.com\/FestivaldasCataratas","https:\/\/x.com\/fitcataratas","https:\/\/www.instagram.com\/festivaldascataratas\/","https:\/\/www.linkedin.com\/company\/festivaldascataratas\/","https:\/\/www.youtube.com\/@FestivaldasCataratas"]},{"@type":"Person","@id":"https:\/\/festivaldascataratas.com\/#\/schema\/person\/57e478256b2e79a3741ca1760c9f4230","name":"Vacy Alvaro","image":{"@type":"ImageObject","inLanguage":"en-US","@id":"https:\/\/secure.gravatar.com\/avatar\/8145883b1b0b42016295b79c2e5c32deedce9c000ee431b4710a17289c9967e0?s=96&d=mm&r=g","url":"https:\/\/secure.gravatar.com\/avatar\/8145883b1b0b42016295b79c2e5c32deedce9c000ee431b4710a17289c9967e0?s=96&d=mm&r=g","contentUrl":"https:\/\/secure.gravatar.com\/avatar\/8145883b1b0b42016295b79c2e5c32deedce9c000ee431b4710a17289c9967e0?s=96&d=mm&r=g","caption":"Vacy Alvaro"},"url":"https:\/\/festivaldascataratas.com\/en\/author\/vacyjunior\/"}]}},"_links":{"self":[{"href":"https:\/\/festivaldascataratas.com\/en\/wp-json\/wp\/v2\/posts\/10132","targetHints":{"allow":["GET"]}}],"collection":[{"href":"https:\/\/festivaldascataratas.com\/en\/wp-json\/wp\/v2\/posts"}],"about":[{"href":"https:\/\/festivaldascataratas.com\/en\/wp-json\/wp\/v2\/types\/post"}],"author":[{"embeddable":true,"href":"https:\/\/festivaldascataratas.com\/en\/wp-json\/wp\/v2\/users\/4"}],"replies":[{"embeddable":true,"href":"https:\/\/festivaldascataratas.com\/en\/wp-json\/wp\/v2\/comments?post=10132"}],"version-history":[{"count":1,"href":"https:\/\/festivaldascataratas.com\/en\/wp-json\/wp\/v2\/posts\/10132\/revisions"}],"predecessor-version":[{"id":10133,"href":"https:\/\/festivaldascataratas.com\/en\/wp-json\/wp\/v2\/posts\/10132\/revisions\/10133"}],"wp:featuredmedia":[{"embeddable":true,"href":"https:\/\/festivaldascataratas.com\/en\/wp-json\/wp\/v2\/media\/10134"}],"wp:attachment":[{"href":"https:\/\/festivaldascataratas.com\/en\/wp-json\/wp\/v2\/media?parent=10132"}],"wp:term":[{"taxonomy":"category","embeddable":true,"href":"https:\/\/festivaldascataratas.com\/en\/wp-json\/wp\/v2\/categories?post=10132"},{"taxonomy":"post_tag","embeddable":true,"href":"https:\/\/festivaldascataratas.com\/en\/wp-json\/wp\/v2\/tags?post=10132"}],"curies":[{"name":"wp","href":"https:\/\/api.w.org\/{rel}","templated":true}]}}